{"id":217,"date":"2022-06-08T13:23:32","date_gmt":"2022-06-08T18:23:32","guid":{"rendered":"https:\/\/www.lindaderma.com\/blog\/?p=217"},"modified":"2022-06-08T22:48:24","modified_gmt":"2022-06-09T03:48:24","slug":"salud-en-la-piel-que-es-la-dermatitis-atopica-y-como-atenderla","status":"publish","type":"post","link":"https:\/\/www.lindaderma.com\/blog\/tips\/salud-en-la-piel-que-es-la-dermatitis-atopica-y-como-atenderla\/","title":{"rendered":"Salud en la piel: \u00bfQu\u00e9 es la dermatitis at\u00f3pica y c\u00f3mo atenderla?"},"content":{"rendered":"\n<p><em>Conoce las caracter\u00edsticas de la dermatitis at\u00f3mica, adem\u00e1s de c\u00f3mo detectarla, d\u00f3nde atenderla y los posibles tratamientos<\/em><\/p>\n\n\n\n<p>\u00bfHas notado que tu piel se enrojece y tienes picaz\u00f3n excesiva? Puede que algo no est\u00e9 bien en ella, pues estas lesiones cut\u00e1neas son m\u00e1s comunes de lo que pensabas, as\u00ed lo afirm\u00f3 una doctora (especialista en la materia) al mencionar que son de las 10 dermatosis que m\u00e1s ven los dermat\u00f3logos en consulta.<\/p>\n\n\n\n<h3>CONOCE LAS CARACTER\u00cdSTICAS DE&nbsp;LA DERMATITIS AT\u00d3PICA, ADEM\u00c1S DE C\u00d3MO DETECTARLA, D\u00d3NDE ATENDERLA Y LOS POSIBLES TRATAMIENTOS<\/h3>\n\n\n\n<h3>\u00bfQU\u00c9 ES LA DERMATITIS AT\u00d3PICA?<\/h3>\n\n\n\n<p>La Dra. Catalina Rinc\u00f3n (miembro de la Sociedad Internacional de&nbsp;DermatitisAt\u00f3pica) explic\u00f3 que esta enfermedad provoca afectaci\u00f3n en los pliegues de la piel, adem\u00e1s de enrojecimiento y supuraci\u00f3n. \u201cLa piel se agrieta, est\u00e1 muy seca y se acompa\u00f1a de mucha comez\u00f3n\u201d, coment\u00f3.<\/p>\n\n\n\n<figure class=\"wp-block-image size-large\"><img loading=\"lazy\" src=\"https:\/\/www.lindaderma.com\/blog\/wp-content\/uploads\/2022\/06\/piel_sensible-1024x683.jpg\" alt=\"\" class=\"wp-image-212\" srcset=\"https:\/\/www.lindaderma.com\/blog\/wp-content\/uploads\/2022\/06\/piel_sensible-1024x683.jpg 1024w, https:\/\/www.lindaderma.com\/blog\/wp-content\/uploads\/2022\/06\/piel_sensible-300x200.jpg 300w, https:\/\/www.lindaderma.com\/blog\/wp-content\/uploads\/2022\/06\/piel_sensible-768x512.jpg 768w, https:\/\/www.lindaderma.com\/blog\/wp-content\/uploads\/2022\/06\/piel_sensible.jpg 1200w\" sizes=\"(max-width: 1024px) 100vw, 1024px\" \/><figcaption>\u00bfQU\u00c9 ES LA DERMATITIS AT\u00d3PICA? Foto: Pexels<\/figcaption><\/figure>\n\n\n\n<p>A partir de los 3 meses los paciente suelen presentar est\u00e1s caracter\u00edsticas en su cuerpo, aunque pueden aparecer en cualquier momento de la vida. Algunos aspectos que influyen para desarrollar esta enfermedad son la gen\u00e9tica, el ambiente o el sistema inmunol\u00f3gico de cada persona.<\/p>\n\n\n\n<p>Se\u00f1ales que te indican que puedes padecer esta alteraci\u00f3n en la piel y que debes acudir con un especialista:<\/p>\n\n\n\n<ul><li>Lesiones rojas que supuran en los pliegues de las manos, las piernas, en el cuello o en la zona del pez\u00f3n.<\/li><li>Lesiones redondas (parecidas a la forma de la moneda), con granitos peque\u00f1os.<\/li><li>Comez\u00f3n muy intensa que al rascarse provoca inflamaci\u00f3n y no deja dormir al paciente.<\/li><\/ul>\n\n\n\n<figure class=\"wp-block-image size-large\"><img loading=\"lazy\" src=\"https:\/\/www.lindaderma.com\/blog\/wp-content\/uploads\/2022\/04\/piel-saludable-1024x615.jpg\" alt=\"Usos del agua micelar\" class=\"wp-image-28\" srcset=\"https:\/\/www.lindaderma.com\/blog\/wp-content\/uploads\/2022\/04\/piel-saludable-1024x615.jpg 1024w, https:\/\/www.lindaderma.com\/blog\/wp-content\/uploads\/2022\/04\/piel-saludable-300x180.jpg 300w, https:\/\/www.lindaderma.com\/blog\/wp-content\/uploads\/2022\/04\/piel-saludable-768x461.jpg 768w, https:\/\/www.lindaderma.com\/blog\/wp-content\/uploads\/2022\/04\/piel-saludable.jpg 1200w\" sizes=\"(max-width: 1024px) 100vw, 1024px\" \/><figcaption><em>Conoce las caracter\u00edsticas de la dermatitis at\u00f3mica, adem\u00e1s de c\u00f3mo detectarla, d\u00f3nde atenderla y los posibles tratamientos<\/em>. Foto: Pexels<\/figcaption><\/figure>\n\n\n\n<h3>\u00bfQUI\u00c9N DEBE ATENDERLA?<\/h3>\n\n\n\n<p>La doctora asegur\u00f3 que el m\u00e9dico de la piel es el debe encargarse de este trastorno:\u201dHay que reforzar con la poblaci\u00f3n que el especialista para atenderla es el dermat\u00f3logo\u201d. Tambi\u00e9n a\u00f1adi\u00f3 que automedicarse es muy peligroso: \u201cLos remedios caseros son los que m\u00e1s lastiman la piel\u201d.<\/p>\n\n\n\n<h3>TRATAMIENTO:<\/h3>\n\n\n\n<ul><li>Un paciente t\u00f3pico no puede usar jabones arom\u00e1ticos, pues podr\u00eda da\u00f1ar las lesiones.<\/li><li>Jam\u00e1s debe frotar la piel despu\u00e9s de ba\u00f1arse.<\/li><li>Aplicar un emoliente suavemente, sin frotar.<\/li><li>El medicamento que el dermat\u00f3logo te recomiende.<\/li><\/ul>\n\n\n\n<h2><strong>\u00bfQu\u00e9&nbsp;<\/strong><a href=\"https:\/\/articulo.mercadolibre.com.mx\/MLM-1384780260-linda-derma-protector-facial-con-color-acido-hialuronico-_JM?searchVariation=174251552165#searchVariation=174251552165&amp;position=1&amp;search_layout=grid&amp;type=item&amp;tracking_id=330b92b8-413c-4e73-8db7-a5412bab5d71\"><strong>protector solar<\/strong><\/a><strong>&nbsp;debes usar?<\/strong><\/h2>\n\n\n\n<p>No olvides integrar un protector facial a tu rutina de skincare que sea compatible con tu tipo de piel, a nosotras nos encanta esta versi\u00f3n con color que ofrece una segura de protecci\u00f3n a la radiaci\u00f3n solar bloqueando los rayos&nbsp;<strong>UVA&nbsp;<\/strong>y&nbsp;<strong>UVB,&nbsp;<\/strong>lo que evita el foto&nbsp;envejecimiento prematuro de la piel,&nbsp;con ayuda de la melanina evitar\u00e1 los da\u00f1os permanentes y aportar\u00e1 nutrientes.&nbsp;\u00a1Adqui\u00e9relo&nbsp;<a href=\"https:\/\/articulo.mercadolibre.com.mx\/MLM-1384780260-linda-derma-protector-facial-con-color-acido-hialuronico-_JM?searchVariation=174251552165#searchVariation=174251552165&amp;position=1&amp;search_layout=grid&amp;type=item&amp;tracking_id=330b92b8-413c-4e73-8db7-a5412bab5d71\"><strong>aqu\u00ed<\/strong><\/a>!<\/p>\n\n\n\n<figure class=\"wp-block-image size-full\"><img loading=\"lazy\" src=\"https:\/\/www.lindaderma.com\/blog\/wp-content\/uploads\/2022\/06\/maquillaje.jpeg\" alt=\"\" class=\"wp-image-157\" srcset=\"https:\/\/www.lindaderma.com\/blog\/wp-content\/uploads\/2022\/06\/maquillaje.jpeg 490w, https:\/\/www.lindaderma.com\/blog\/wp-content\/uploads\/2022\/06\/maquillaje-300x291.jpeg 300w\" sizes=\"(max-width: 490px) 100vw, 490px\" \/><figcaption>Foto: Cortes\u00eda<\/figcaption><\/figure>\n\n\n\n<p>Con informaci\u00f3n de Mujer de 10<\/p>\n","protected":false},"excerpt":{"rendered":"<p>Conoce las caracter\u00edsticas de la dermatitis at\u00f3mica, adem\u00e1s de c\u00f3mo detectarla y los posibles tratamientos<\/p>\n","protected":false},"author":3,"featured_media":241,"comment_status":"open","ping_status":"open","sticky":false,"template":"","format":"standard","meta":[],"categories":[5],"tags":[7,43,42,44],"yoast_head":"<!-- This site is optimized with the Yoast SEO plugin v18.8 - https:\/\/yoast.com\/wordpress\/plugins\/seo\/ -->\n<title>Salud en la piel: \u00bfQu\u00e9 es la dermatitis at\u00f3pica y c\u00f3mo atenderla?<\/title>\n<meta name=\"description\" content=\"Conoce las caracter\u00edsticas de la dermatitis at\u00f3mica, adem\u00e1s de c\u00f3mo detectarla, d\u00f3nde atenderla y los posibles tratamientos\" \/>\n<meta name=\"robots\" content=\"index, follow, max-snippet:-1, max-image-preview:large, max-video-preview:-1\" \/>\n<link rel=\"canonical\" href=\"https:\/\/www.lindaderma.com\/blog\/tips\/salud-en-la-piel-que-es-la-dermatitis-atopica-y-como-atenderla\/\" \/>\n<meta property=\"og:locale\" content=\"es_MX\" \/>\n<meta property=\"og:type\" content=\"article\" \/>\n<meta property=\"og:title\" content=\"Salud en la piel: \u00bfQu\u00e9 es la dermatitis at\u00f3pica y c\u00f3mo atenderla?\" \/>\n<meta property=\"og:description\" content=\"Conoce las caracter\u00edsticas de la dermatitis at\u00f3mica, adem\u00e1s de c\u00f3mo detectarla, d\u00f3nde atenderla y los posibles tratamientos\" \/>\n<meta property=\"og:url\" content=\"https:\/\/www.lindaderma.com\/blog\/tips\/salud-en-la-piel-que-es-la-dermatitis-atopica-y-como-atenderla\/\" \/>\n<meta property=\"og:site_name\" content=\"Blog Linda Derma\" \/>\n<meta property=\"article:publisher\" content=\"https:\/\/www.facebook.com\/lindadermamx\" \/>\n<meta property=\"article:published_time\" content=\"2022-06-08T18:23:32+00:00\" \/>\n<meta property=\"article:modified_time\" content=\"2022-06-09T03:48:24+00:00\" \/>\n<meta property=\"og:image\" content=\"https:\/\/www.lindaderma.com\/blog\/wp-content\/uploads\/2022\/06\/dermatitis-atomica.jpg\" \/>\n\t<meta property=\"og:image:width\" content=\"1200\" \/>\n\t<meta property=\"og:image:height\" content=\"800\" \/>\n\t<meta property=\"og:image:type\" content=\"image\/jpeg\" \/>\n<meta name=\"twitter:card\" content=\"summary_large_image\" \/>\n<meta name=\"twitter:label1\" content=\"Written by\" \/>\n\t<meta name=\"twitter:data1\" content=\"Karen Luna\" \/>\n\t<meta name=\"twitter:label2\" content=\"Est. reading time\" \/>\n\t<meta name=\"twitter:data2\" content=\"3 minutos\" \/>\n<script type=\"application\/ld+json\" class=\"yoast-schema-graph\">{\"@context\":\"https:\/\/schema.org\",\"@graph\":[{\"@type\":\"Organization\",\"@id\":\"https:\/\/www.lindaderma.com\/blog\/#organization\",\"name\":\"Linda Derma\",\"url\":\"https:\/\/www.lindaderma.com\/blog\/\",\"sameAs\":[\"https:\/\/www.facebook.com\/lindadermamx\",\"https:\/\/www.instagram.com\/lindadermamx\/\"],\"logo\":{\"@type\":\"ImageObject\",\"inLanguage\":\"es-MX\",\"@id\":\"https:\/\/www.lindaderma.com\/blog\/#\/schema\/logo\/image\/\",\"url\":\"https:\/\/www.lindaderma.com\/blog\/wp-content\/uploads\/2022\/05\/logo-linda.png\",\"contentUrl\":\"https:\/\/www.lindaderma.com\/blog\/wp-content\/uploads\/2022\/05\/logo-linda.png\",\"width\":188,\"height\":91,\"caption\":\"Linda Derma\"},\"image\":{\"@id\":\"https:\/\/www.lindaderma.com\/blog\/#\/schema\/logo\/image\/\"}},{\"@type\":\"WebSite\",\"@id\":\"https:\/\/www.lindaderma.com\/blog\/#website\",\"url\":\"https:\/\/www.lindaderma.com\/blog\/\",\"name\":\"Blog Linda Derma\",\"description\":\"Todo lo que necesitas para el cuidado de la piel\",\"publisher\":{\"@id\":\"https:\/\/www.lindaderma.com\/blog\/#organization\"},\"potentialAction\":[{\"@type\":\"SearchAction\",\"target\":{\"@type\":\"EntryPoint\",\"urlTemplate\":\"https:\/\/www.lindaderma.com\/blog\/?s={search_term_string}\"},\"query-input\":\"required name=search_term_string\"}],\"inLanguage\":\"es-MX\"},{\"@type\":\"ImageObject\",\"inLanguage\":\"es-MX\",\"@id\":\"https:\/\/www.lindaderma.com\/blog\/tips\/salud-en-la-piel-que-es-la-dermatitis-atopica-y-como-atenderla\/#primaryimage\",\"url\":\"https:\/\/www.lindaderma.com\/blog\/wp-content\/uploads\/2022\/06\/dermatitis-atomica.jpg\",\"contentUrl\":\"https:\/\/www.lindaderma.com\/blog\/wp-content\/uploads\/2022\/06\/dermatitis-atomica.jpg\",\"width\":1200,\"height\":800},{\"@type\":\"WebPage\",\"@id\":\"https:\/\/www.lindaderma.com\/blog\/tips\/salud-en-la-piel-que-es-la-dermatitis-atopica-y-como-atenderla\/#webpage\",\"url\":\"https:\/\/www.lindaderma.com\/blog\/tips\/salud-en-la-piel-que-es-la-dermatitis-atopica-y-como-atenderla\/\",\"name\":\"Salud en la piel: \u00bfQu\u00e9 es la dermatitis at\u00f3pica y c\u00f3mo atenderla?\",\"isPartOf\":{\"@id\":\"https:\/\/www.lindaderma.com\/blog\/#website\"},\"primaryImageOfPage\":{\"@id\":\"https:\/\/www.lindaderma.com\/blog\/tips\/salud-en-la-piel-que-es-la-dermatitis-atopica-y-como-atenderla\/#primaryimage\"},\"datePublished\":\"2022-06-08T18:23:32+00:00\",\"dateModified\":\"2022-06-09T03:48:24+00:00\",\"description\":\"Conoce las caracter\u00edsticas de la dermatitis at\u00f3mica, adem\u00e1s de c\u00f3mo detectarla, d\u00f3nde atenderla y los posibles tratamientos\",\"breadcrumb\":{\"@id\":\"https:\/\/www.lindaderma.com\/blog\/tips\/salud-en-la-piel-que-es-la-dermatitis-atopica-y-como-atenderla\/#breadcrumb\"},\"inLanguage\":\"es-MX\",\"potentialAction\":[{\"@type\":\"ReadAction\",\"target\":[\"https:\/\/www.lindaderma.com\/blog\/tips\/salud-en-la-piel-que-es-la-dermatitis-atopica-y-como-atenderla\/\"]}]},{\"@type\":\"BreadcrumbList\",\"@id\":\"https:\/\/www.lindaderma.com\/blog\/tips\/salud-en-la-piel-que-es-la-dermatitis-atopica-y-como-atenderla\/#breadcrumb\",\"itemListElement\":[{\"@type\":\"ListItem\",\"position\":1,\"name\":\"Home\",\"item\":\"https:\/\/www.lindaderma.com\/blog\/\"},{\"@type\":\"ListItem\",\"position\":2,\"name\":\"Salud en la piel: \u00bfQu\u00e9 es la dermatitis at\u00f3pica y c\u00f3mo atenderla?\"}]},{\"@type\":\"Article\",\"@id\":\"https:\/\/www.lindaderma.com\/blog\/tips\/salud-en-la-piel-que-es-la-dermatitis-atopica-y-como-atenderla\/#article\",\"isPartOf\":{\"@id\":\"https:\/\/www.lindaderma.com\/blog\/tips\/salud-en-la-piel-que-es-la-dermatitis-atopica-y-como-atenderla\/#webpage\"},\"author\":{\"@id\":\"https:\/\/www.lindaderma.com\/blog\/#\/schema\/person\/1962869aa10cbb96f19f3d6f076fb4c0\"},\"headline\":\"Salud en la piel: \u00bfQu\u00e9 es la dermatitis at\u00f3pica y c\u00f3mo atenderla?\",\"datePublished\":\"2022-06-08T18:23:32+00:00\",\"dateModified\":\"2022-06-09T03:48:24+00:00\",\"mainEntityOfPage\":{\"@id\":\"https:\/\/www.lindaderma.com\/blog\/tips\/salud-en-la-piel-que-es-la-dermatitis-atopica-y-como-atenderla\/#webpage\"},\"wordCount\":520,\"commentCount\":0,\"publisher\":{\"@id\":\"https:\/\/www.lindaderma.com\/blog\/#organization\"},\"image\":{\"@id\":\"https:\/\/www.lindaderma.com\/blog\/tips\/salud-en-la-piel-que-es-la-dermatitis-atopica-y-como-atenderla\/#primaryimage\"},\"thumbnailUrl\":\"https:\/\/www.lindaderma.com\/blog\/wp-content\/uploads\/2022\/06\/dermatitis-atomica.jpg\",\"keywords\":[\"Cuidado de la piel\",\"cutis de porcelana\",\"dermatitis at\u00f3pica\",\"piel joven\"],\"articleSection\":[\"Tips\"],\"inLanguage\":\"es-MX\",\"potentialAction\":[{\"@type\":\"CommentAction\",\"name\":\"Comment\",\"target\":[\"https:\/\/www.lindaderma.com\/blog\/tips\/salud-en-la-piel-que-es-la-dermatitis-atopica-y-como-atenderla\/#respond\"]}]},{\"@type\":\"Person\",\"@id\":\"https:\/\/www.lindaderma.com\/blog\/#\/schema\/person\/1962869aa10cbb96f19f3d6f076fb4c0\",\"name\":\"Karen Luna\",\"image\":{\"@type\":\"ImageObject\",\"inLanguage\":\"es-MX\",\"@id\":\"https:\/\/www.lindaderma.com\/blog\/#\/schema\/person\/image\/\",\"url\":\"https:\/\/secure.gravatar.com\/avatar\/de62f1acaacf650fb7fca90816387f35?s=96&d=mm&r=g\",\"contentUrl\":\"https:\/\/secure.gravatar.com\/avatar\/de62f1acaacf650fb7fca90816387f35?s=96&d=mm&r=g\",\"caption\":\"Karen Luna\"},\"url\":\"https:\/\/www.lindaderma.com\/blog\/author\/karen-luna\/\"}]}<\/script>\n<!-- \/ Yoast SEO plugin. -->","yoast_head_json":{"title":"Salud en la piel: \u00bfQu\u00e9 es la dermatitis at\u00f3pica y c\u00f3mo atenderla?","description":"Conoce las caracter\u00edsticas de la dermatitis at\u00f3mica, adem\u00e1s de c\u00f3mo detectarla, d\u00f3nde atenderla y los posibles tratamientos","robots":{"index":"index","follow":"follow","max-snippet":"max-snippet:-1","max-image-preview":"max-image-preview:large","max-video-preview":"max-video-preview:-1"},"canonical":"https:\/\/www.lindaderma.com\/blog\/tips\/salud-en-la-piel-que-es-la-dermatitis-atopica-y-como-atenderla\/","og_locale":"es_MX","og_type":"article","og_title":"Salud en la piel: \u00bfQu\u00e9 es la dermatitis at\u00f3pica y c\u00f3mo atenderla?","og_description":"Conoce las caracter\u00edsticas de la dermatitis at\u00f3mica, adem\u00e1s de c\u00f3mo detectarla, d\u00f3nde atenderla y los posibles tratamientos","og_url":"https:\/\/www.lindaderma.com\/blog\/tips\/salud-en-la-piel-que-es-la-dermatitis-atopica-y-como-atenderla\/","og_site_name":"Blog Linda Derma","article_publisher":"https:\/\/www.facebook.com\/lindadermamx","article_published_time":"2022-06-08T18:23:32+00:00","article_modified_time":"2022-06-09T03:48:24+00:00","og_image":[{"width":1200,"height":800,"url":"https:\/\/www.lindaderma.com\/blog\/wp-content\/uploads\/2022\/06\/dermatitis-atomica.jpg","type":"image\/jpeg"}],"twitter_card":"summary_large_image","twitter_misc":{"Written by":"Karen Luna","Est. reading time":"3 minutos"},"schema":{"@context":"https:\/\/schema.org","@graph":[{"@type":"Organization","@id":"https:\/\/www.lindaderma.com\/blog\/#organization","name":"Linda Derma","url":"https:\/\/www.lindaderma.com\/blog\/","sameAs":["https:\/\/www.facebook.com\/lindadermamx","https:\/\/www.instagram.com\/lindadermamx\/"],"logo":{"@type":"ImageObject","inLanguage":"es-MX","@id":"https:\/\/www.lindaderma.com\/blog\/#\/schema\/logo\/image\/","url":"https:\/\/www.lindaderma.com\/blog\/wp-content\/uploads\/2022\/05\/logo-linda.png","contentUrl":"https:\/\/www.lindaderma.com\/blog\/wp-content\/uploads\/2022\/05\/logo-linda.png","width":188,"height":91,"caption":"Linda Derma"},"image":{"@id":"https:\/\/www.lindaderma.com\/blog\/#\/schema\/logo\/image\/"}},{"@type":"WebSite","@id":"https:\/\/www.lindaderma.com\/blog\/#website","url":"https:\/\/www.lindaderma.com\/blog\/","name":"Blog Linda Derma","description":"Todo lo que necesitas para el cuidado de la piel","publisher":{"@id":"https:\/\/www.lindaderma.com\/blog\/#organization"},"potentialAction":[{"@type":"SearchAction","target":{"@type":"EntryPoint","urlTemplate":"https:\/\/www.lindaderma.com\/blog\/?s={search_term_string}"},"query-input":"required name=search_term_string"}],"inLanguage":"es-MX"},{"@type":"ImageObject","inLanguage":"es-MX","@id":"https:\/\/www.lindaderma.com\/blog\/tips\/salud-en-la-piel-que-es-la-dermatitis-atopica-y-como-atenderla\/#primaryimage","url":"https:\/\/www.lindaderma.com\/blog\/wp-content\/uploads\/2022\/06\/dermatitis-atomica.jpg","contentUrl":"https:\/\/www.lindaderma.com\/blog\/wp-content\/uploads\/2022\/06\/dermatitis-atomica.jpg","width":1200,"height":800},{"@type":"WebPage","@id":"https:\/\/www.lindaderma.com\/blog\/tips\/salud-en-la-piel-que-es-la-dermatitis-atopica-y-como-atenderla\/#webpage","url":"https:\/\/www.lindaderma.com\/blog\/tips\/salud-en-la-piel-que-es-la-dermatitis-atopica-y-como-atenderla\/","name":"Salud en la piel: \u00bfQu\u00e9 es la dermatitis at\u00f3pica y c\u00f3mo atenderla?","isPartOf":{"@id":"https:\/\/www.lindaderma.com\/blog\/#website"},"primaryImageOfPage":{"@id":"https:\/\/www.lindaderma.com\/blog\/tips\/salud-en-la-piel-que-es-la-dermatitis-atopica-y-como-atenderla\/#primaryimage"},"datePublished":"2022-06-08T18:23:32+00:00","dateModified":"2022-06-09T03:48:24+00:00","description":"Conoce las caracter\u00edsticas de la dermatitis at\u00f3mica, adem\u00e1s de c\u00f3mo detectarla, d\u00f3nde atenderla y los posibles tratamientos","breadcrumb":{"@id":"https:\/\/www.lindaderma.com\/blog\/tips\/salud-en-la-piel-que-es-la-dermatitis-atopica-y-como-atenderla\/#breadcrumb"},"inLanguage":"es-MX","potentialAction":[{"@type":"ReadAction","target":["https:\/\/www.lindaderma.com\/blog\/tips\/salud-en-la-piel-que-es-la-dermatitis-atopica-y-como-atenderla\/"]}]},{"@type":"BreadcrumbList","@id":"https:\/\/www.lindaderma.com\/blog\/tips\/salud-en-la-piel-que-es-la-dermatitis-atopica-y-como-atenderla\/#breadcrumb","itemListElement":[{"@type":"ListItem","position":1,"name":"Home","item":"https:\/\/www.lindaderma.com\/blog\/"},{"@type":"ListItem","position":2,"name":"Salud en la piel: \u00bfQu\u00e9 es la dermatitis at\u00f3pica y c\u00f3mo atenderla?"}]},{"@type":"Article","@id":"https:\/\/www.lindaderma.com\/blog\/tips\/salud-en-la-piel-que-es-la-dermatitis-atopica-y-como-atenderla\/#article","isPartOf":{"@id":"https:\/\/www.lindaderma.com\/blog\/tips\/salud-en-la-piel-que-es-la-dermatitis-atopica-y-como-atenderla\/#webpage"},"author":{"@id":"https:\/\/www.lindaderma.com\/blog\/#\/schema\/person\/1962869aa10cbb96f19f3d6f076fb4c0"},"headline":"Salud en la piel: \u00bfQu\u00e9 es la dermatitis at\u00f3pica y c\u00f3mo atenderla?","datePublished":"2022-06-08T18:23:32+00:00","dateModified":"2022-06-09T03:48:24+00:00","mainEntityOfPage":{"@id":"https:\/\/www.lindaderma.com\/blog\/tips\/salud-en-la-piel-que-es-la-dermatitis-atopica-y-como-atenderla\/#webpage"},"wordCount":520,"commentCount":0,"publisher":{"@id":"https:\/\/www.lindaderma.com\/blog\/#organization"},"image":{"@id":"https:\/\/www.lindaderma.com\/blog\/tips\/salud-en-la-piel-que-es-la-dermatitis-atopica-y-como-atenderla\/#primaryimage"},"thumbnailUrl":"https:\/\/www.lindaderma.com\/blog\/wp-content\/uploads\/2022\/06\/dermatitis-atomica.jpg","keywords":["Cuidado de la piel","cutis de porcelana","dermatitis at\u00f3pica","piel joven"],"articleSection":["Tips"],"inLanguage":"es-MX","potentialAction":[{"@type":"CommentAction","name":"Comment","target":["https:\/\/www.lindaderma.com\/blog\/tips\/salud-en-la-piel-que-es-la-dermatitis-atopica-y-como-atenderla\/#respond"]}]},{"@type":"Person","@id":"https:\/\/www.lindaderma.com\/blog\/#\/schema\/person\/1962869aa10cbb96f19f3d6f076fb4c0","name":"Karen Luna","image":{"@type":"ImageObject","inLanguage":"es-MX","@id":"https:\/\/www.lindaderma.com\/blog\/#\/schema\/person\/image\/","url":"https:\/\/secure.gravatar.com\/avatar\/de62f1acaacf650fb7fca90816387f35?s=96&d=mm&r=g","contentUrl":"https:\/\/secure.gravatar.com\/avatar\/de62f1acaacf650fb7fca90816387f35?s=96&d=mm&r=g","caption":"Karen Luna"},"url":"https:\/\/www.lindaderma.com\/blog\/author\/karen-luna\/"}]}},"fimg_url":"https:\/\/www.lindaderma.com\/blog\/wp-content\/uploads\/2022\/06\/linda9.jpg","amp_enabled":true,"_links":{"self":[{"href":"https:\/\/www.lindaderma.com\/blog\/wp-json\/wp\/v2\/posts\/217"}],"collection":[{"href":"https:\/\/www.lindaderma.com\/blog\/wp-json\/wp\/v2\/posts"}],"about":[{"href":"https:\/\/www.lindaderma.com\/blog\/wp-json\/wp\/v2\/types\/post"}],"author":[{"embeddable":true,"href":"https:\/\/www.lindaderma.com\/blog\/wp-json\/wp\/v2\/users\/3"}],"replies":[{"embeddable":true,"href":"https:\/\/www.lindaderma.com\/blog\/wp-json\/wp\/v2\/comments?post=217"}],"version-history":[{"count":3,"href":"https:\/\/www.lindaderma.com\/blog\/wp-json\/wp\/v2\/posts\/217\/revisions"}],"predecessor-version":[{"id":222,"href":"https:\/\/www.lindaderma.com\/blog\/wp-json\/wp\/v2\/posts\/217\/revisions\/222"}],"wp:featuredmedia":[{"embeddable":true,"href":"https:\/\/www.lindaderma.com\/blog\/wp-json\/wp\/v2\/media\/241"}],"wp:attachment":[{"href":"https:\/\/www.lindaderma.com\/blog\/wp-json\/wp\/v2\/media?parent=217"}],"wp:term":[{"taxonomy":"category","embeddable":true,"href":"https:\/\/www.lindaderma.com\/blog\/wp-json\/wp\/v2\/categories?post=217"},{"taxonomy":"post_tag","embeddable":true,"href":"https:\/\/www.lindaderma.com\/blog\/wp-json\/wp\/v2\/tags?post=217"}],"curies":[{"name":"wp","href":"https:\/\/api.w.org\/{rel}","templated":true}]}}